{"id":3883,"date":"2025-09-11T10:02:04","date_gmt":"2025-09-11T08:02:04","guid":{"rendered":"https:\/\/coc63.fr\/?p=3883"},"modified":"2025-09-11T10:02:04","modified_gmt":"2025-09-11T08:02:04","slug":"sortie-du-14-septembre-3","status":"publish","type":"post","link":"https:\/\/coc63.fr\/?p=3883","title":{"rendered":"Sortie du 14 Septembre."},"content":{"rendered":"\n<p>Comme tous les ans, le COC participe \u00e0 la Marche de l&rsquo;Ecureuil, \u00e0 Chatel Guyon. Association caritative qui r\u00e9colte des dons, pour le service canc\u00e9rologie, enfants de l&rsquo;h\u00f4pital Gustave Roussy. 2 possibilit\u00e9s :participer \u00e0 la marche, les distances sont 4-8-16kms. Le d\u00e9part se fait depuis le boulodrome de Ch\u00e2tel Guyon, route de Chazeron, (8h30-17h) . ou parcours v\u00e9lo au d\u00e9part de Sayat \u00e0 9h, parking du cimeti\u00e8re, pour 55km 877D+<a href=\"https:\/\/www.openrunner.com\/route-details\/22446984\">https:\/\/www.openrunner.com\/route-details\/22446984<\/a> La participation est de 9 euros.<\/p>\n","protected":false},"excerpt":{"rendered":"<p>Comme tous les ans, le COC participe \u00e0 la Marche de l&rsquo;Ecureuil, \u00e0 Chatel Guyon. Association caritative qui r\u00e9colte des dons, pour le service canc\u00e9rologie, enfants de l&rsquo;h\u00f4pital Gustave Roussy. 2 possibilit\u00e9s :participer \u00e0 la marche, les distances sont 4-8-16kms. Le d\u00e9part se fait depuis le boulodrome de Ch\u00e2tel Guyon, route de Chazeron, (8h30-17h) .<\/p><\/div>\n<div class=\"blog-btn\"><a href=\"https:\/\/coc63.fr\/?p=3883\" class=\"home-blog-btn\">Lire la suite<\/a><\/p>\n","protected":false},"author":31,"featured_media":0,"comment_status":"open","ping_status":"","sticky":false,"template":"","format":"standard","meta":{"footnotes":""},"categories":[1],"tags":[],"class_list":["post-3883","post","type-post","status-publish","format-standard","hentry","category-non-classe"],"_links":{"self":[{"href":"https:\/\/coc63.fr\/index.php?rest_route=\/wp\/v2\/posts\/3883","targetHints":{"allow":["GET"]}}],"collection":[{"href":"https:\/\/coc63.fr\/index.php?rest_route=\/wp\/v2\/posts"}],"about":[{"href":"https:\/\/coc63.fr\/index.php?rest_route=\/wp\/v2\/types\/post"}],"author":[{"embeddable":true,"href":"https:\/\/coc63.fr\/index.php?rest_route=\/wp\/v2\/users\/31"}],"replies":[{"embeddable":true,"href":"https:\/\/coc63.fr\/index.php?rest_route=%2Fwp%2Fv2%2Fcomments&post=3883"}],"version-history":[{"count":1,"href":"https:\/\/coc63.fr\/index.php?rest_route=\/wp\/v2\/posts\/3883\/revisions"}],"predecessor-version":[{"id":3884,"href":"https:\/\/coc63.fr\/index.php?rest_route=\/wp\/v2\/posts\/3883\/revisions\/3884"}],"wp:attachment":[{"href":"https:\/\/coc63.fr\/index.php?rest_route=%2Fwp%2Fv2%2Fmedia&parent=3883"}],"wp:term":[{"taxonomy":"category","embeddable":true,"href":"https:\/\/coc63.fr\/index.php?rest_route=%2Fwp%2Fv2%2Fcategories&post=3883"},{"taxonomy":"post_tag","embeddable":true,"href":"https:\/\/coc63.fr\/index.php?rest_route=%2Fwp%2Fv2%2Ftags&post=3883"}],"curies":[{"name":"wp","href":"https:\/\/api.w.org\/{rel}","templated":true}]}}