{"id":3780,"date":"2025-05-23T10:37:07","date_gmt":"2025-05-23T08:37:07","guid":{"rendered":"https:\/\/coc63.fr\/?p=3780"},"modified":"2025-05-23T10:39:04","modified_gmt":"2025-05-23T08:39:04","slug":"sortie-weekend-du-24-et-25-mai","status":"publish","type":"post","link":"https:\/\/coc63.fr\/?p=3780","title":{"rendered":"Sortie weekend du 24 et 25 mai"},"content":{"rendered":"\n<p>Vous avez le choix, 3 possibilit\u00e9s de d\u00e9part:<\/p>\n\n\n\n<p> le <strong>24<\/strong> c&rsquo;est la f\u00eate du v\u00e9lo place de Jaude, et une sortie club au d\u00e9part de Mazayes \u00e0 13h30. 2 parcours vous sont propos\u00e9s: 63 kms et 900D+ <a href=\"https:\/\/www.openrunner.com\/route-details\/14519545\" data-type=\"link\" data-id=\"https:\/\/www.openrunner.com\/route-details\/14519545\">https:\/\/www.openrunner.com\/route-details\/14519545<\/a> et 84 kms et 1282D+<a href=\"https:\/\/www.openrunner.com\/route-details\/14519490\" data-type=\"link\" data-id=\"https:\/\/www.openrunner.com\/route-details\/14519490\">https:\/\/www.openrunner.com\/route-dehtails\/14519490<\/a> .<\/p>\n\n\n\n<p> Le <strong>25<\/strong> vous avez la possibilit\u00e9 de participer aux balades du tour de France avec un d\u00e9part \u00e0 partir de 8h30 de la maison des sports \u00e0 Clermont Ferrand. <img decoding=\"async\" class=\"wp-image-3782\" style=\"width: NaNpx;\" src=\"https:\/\/coc63.fr\/wp-content\/uploads\/2025\/05\/Fete-du-velo-25-Dossier-de-Presse-4-1.pdf\" alt=\"\"><img decoding=\"async\" class=\"wp-image-3781\" style=\"width: NaNpx;\" src=\"https:\/\/coc63.fr\/wp-content\/uploads\/2025\/05\/Fete-du-velo-25-Dossier-de-Presse-4.pdf\" alt=\"\"><\/p>\n\n\n\n<div data-wp-interactive=\"core\/file\" class=\"wp-block-file\"><object data-wp-bind--hidden=\"!state.hasPdfPreview\" hidden class=\"wp-block-file__embed\" data=\"https:\/\/coc63.fr\/wp-content\/uploads\/2025\/05\/Fete-du-velo-25-Dossier-de-Presse-4-2.pdf\" type=\"application\/pdf\" style=\"width:100%;height:600px\" aria-label=\"Contenu embarqu\u00e9 F\u00eate du v\u00e9lo 25 Dossier de Presse-4.\"><\/object><a id=\"wp-block-file--media-90cf1b15-68e8-47f7-accd-0b9ee14c33bb\" href=\"https:\/\/coc63.fr\/wp-content\/uploads\/2025\/05\/Fete-du-velo-25-Dossier-de-Presse-4-2.pdf\">F\u00eate du v\u00e9lo 25 Dossier de Presse-4<\/a><a href=\"https:\/\/coc63.fr\/wp-content\/uploads\/2025\/05\/Fete-du-velo-25-Dossier-de-Presse-4-2.pdf\" class=\"wp-block-file__button wp-element-button\" download aria-describedby=\"wp-block-file--media-90cf1b15-68e8-47f7-accd-0b9ee14c33bb\">T\u00e9l\u00e9charger<\/a><\/div>\n\n\n\n<p><\/p>\n","protected":false},"excerpt":{"rendered":"<p>Vous avez le choix, 3 possibilit\u00e9s de d\u00e9part: le 24 c&rsquo;est la f\u00eate du v\u00e9lo place de Jaude, et une sortie club au d\u00e9part de Mazayes \u00e0 13h30. 2 parcours vous sont propos\u00e9s: 63 kms et 900D+ https:\/\/www.openrunner.com\/route-details\/14519545 et 84 kms et 1282D+https:\/\/www.openrunner.com\/route-dehtails\/14519490 . Le 25 vous avez la possibilit\u00e9 de participer aux balades du<\/p><\/div>\n<div class=\"blog-btn\"><a href=\"https:\/\/coc63.fr\/?p=3780\" class=\"home-blog-btn\">Lire la suite<\/a><\/p>\n","protected":false},"author":1,"featured_media":0,"comment_status":"open","ping_status":"","sticky":false,"template":"","format":"standard","meta":{"footnotes":""},"categories":[1],"tags":[],"class_list":["post-3780","post","type-post","status-publish","format-standard","hentry","category-non-classe"],"_links":{"self":[{"href":"https:\/\/coc63.fr\/index.php?rest_route=\/wp\/v2\/posts\/3780","targetHints":{"allow":["GET"]}}],"collection":[{"href":"https:\/\/coc63.fr\/index.php?rest_route=\/wp\/v2\/posts"}],"about":[{"href":"https:\/\/coc63.fr\/index.php?rest_route=\/wp\/v2\/types\/post"}],"author":[{"embeddable":true,"href":"https:\/\/coc63.fr\/index.php?rest_route=\/wp\/v2\/users\/1"}],"replies":[{"embeddable":true,"href":"https:\/\/coc63.fr\/index.php?rest_route=%2Fwp%2Fv2%2Fcomments&post=3780"}],"version-history":[{"count":2,"href":"https:\/\/coc63.fr\/index.php?rest_route=\/wp\/v2\/posts\/3780\/revisions"}],"predecessor-version":[{"id":3786,"href":"https:\/\/coc63.fr\/index.php?rest_route=\/wp\/v2\/posts\/3780\/revisions\/3786"}],"wp:attachment":[{"href":"https:\/\/coc63.fr\/index.php?rest_route=%2Fwp%2Fv2%2Fmedia&parent=3780"}],"wp:term":[{"taxonomy":"category","embeddable":true,"href":"https:\/\/coc63.fr\/index.php?rest_route=%2Fwp%2Fv2%2Fcategories&post=3780"},{"taxonomy":"post_tag","embeddable":true,"href":"https:\/\/coc63.fr\/index.php?rest_route=%2Fwp%2Fv2%2Ftags&post=3780"}],"curies":[{"name":"wp","href":"https:\/\/api.w.org\/{rel}","templated":true}]}}